
{"id":1028,"date":"2017-01-14T07:59:48","date_gmt":"2017-01-14T06:59:48","guid":{"rendered":"https:\/\/grottesdevallorbe.ch\/des-1992\/"},"modified":"2017-02-14T17:25:30","modified_gmt":"2017-02-14T16:25:30","slug":"des-1992","status":"publish","type":"post","link":"https:\/\/grottesdevallorbe.ch\/de\/des-1992\/","title":{"rendered":"Seit 1992&#8230;"},"content":{"rendered":"<p>&#8230;die Grotte bietet Ihnen in vier zellen-\u00e4hnlichen R\u00e4umen, welche in den Felsen gehauen wurden, eine Daueraustellung von Mineralien der &#8222;Feen-Schatz&#8220;.mit einer Kollektion von mehr als 250 Mineralien aus der ganzen Welt. <\/p>\n","protected":false},"excerpt":{"rendered":"<p>&#8230;la grotte propose un espace alv\u00e9olaire accueillant une exposition permanente de min\u00e9raux, le \u00abtr\u00e9sor des F\u00e9es\u00bb. Il regroupe une collection de plus de 250<br \/>\nmin\u00e9raux du monde entier sous quatre coupoles creus\u00e9es \u00e0 m\u00eame la roche.<\/p>\n","protected":false},"author":4,"featured_media":0,"comment_status":"open","ping_status":"open","sticky":false,"template":"","format":"standard","meta":{"_acf_changed":false,"footnotes":""},"categories":[31],"tags":[],"class_list":["post-1028","post","type-post","status-publish","format-standard","hentry","category-timeline_de"],"acf":[],"yoast_head":"<!-- This site is optimized with the Yoast SEO plugin v24.4 - https:\/\/yoast.com\/wordpress\/plugins\/seo\/ -->\n<title>Seit 1992... - Les Grottes de Vallorbe<\/title>\n<meta name=\"robots\" content=\"index, follow, max-snippet:-1, max-image-preview:large, max-video-preview:-1\" \/>\n<link rel=\"canonical\" href=\"https:\/\/grottesdevallorbe.ch\/de\/des-1992\/\" \/>\n<meta property=\"og:locale\" content=\"de_DE\" \/>\n<meta property=\"og:type\" content=\"article\" \/>\n<meta property=\"og:title\" content=\"Seit 1992... - Les Grottes de Vallorbe\" \/>\n<meta property=\"og:description\" content=\"...la grotte propose un espace alv\u00e9olaire accueillant une exposition permanente de min\u00e9raux, le \u00abtr\u00e9sor des F\u00e9es\u00bb. Il regroupe une collection de plus de 250 min\u00e9raux du monde entier sous quatre coupoles creus\u00e9es \u00e0 m\u00eame la roche.\" \/>\n<meta property=\"og:url\" content=\"https:\/\/grottesdevallorbe.ch\/de\/des-1992\/\" \/>\n<meta property=\"og:site_name\" content=\"Les Grottes de Vallorbe\" \/>\n<meta property=\"article:published_time\" content=\"2017-01-14T06:59:48+00:00\" \/>\n<meta property=\"article:modified_time\" content=\"2017-02-14T16:25:30+00:00\" \/>\n<meta name=\"author\" content=\"vall\" \/>\n<meta name=\"twitter:card\" content=\"summary_large_image\" \/>\n<meta name=\"twitter:label1\" content=\"Verfasst von\" \/>\n\t<meta name=\"twitter:data1\" content=\"vall\" \/>\n<script type=\"application\/ld+json\" class=\"yoast-schema-graph\">{\"@context\":\"https:\/\/schema.org\",\"@graph\":[{\"@type\":\"WebPage\",\"@id\":\"https:\/\/grottesdevallorbe.ch\/de\/des-1992\/\",\"url\":\"https:\/\/grottesdevallorbe.ch\/de\/des-1992\/\",\"name\":\"Seit 1992... - Les Grottes de Vallorbe\",\"isPartOf\":{\"@id\":\"https:\/\/grottesdevallorbe.ch\/#website\"},\"datePublished\":\"2017-01-14T06:59:48+00:00\",\"dateModified\":\"2017-02-14T16:25:30+00:00\",\"author\":{\"@id\":\"https:\/\/grottesdevallorbe.ch\/#\/schema\/person\/5e6e0151440ddbad470f200b5bde2aba\"},\"breadcrumb\":{\"@id\":\"https:\/\/grottesdevallorbe.ch\/de\/des-1992\/#breadcrumb\"},\"inLanguage\":\"de\",\"potentialAction\":[{\"@type\":\"ReadAction\",\"target\":[\"https:\/\/grottesdevallorbe.ch\/de\/des-1992\/\"]}]},{\"@type\":\"BreadcrumbList\",\"@id\":\"https:\/\/grottesdevallorbe.ch\/de\/des-1992\/#breadcrumb\",\"itemListElement\":[{\"@type\":\"ListItem\",\"position\":1,\"name\":\"Accueil\",\"item\":\"https:\/\/grottesdevallorbe.ch\/de\/\"},{\"@type\":\"ListItem\",\"position\":2,\"name\":\"Seit 1992&#8230;\"}]},{\"@type\":\"WebSite\",\"@id\":\"https:\/\/grottesdevallorbe.ch\/#website\",\"url\":\"https:\/\/grottesdevallorbe.ch\/\",\"name\":\"Les Grottes de Vallorbe\",\"description\":\"les plus belles grottes du Jura vaudois\",\"potentialAction\":[{\"@type\":\"SearchAction\",\"target\":{\"@type\":\"EntryPoint\",\"urlTemplate\":\"https:\/\/grottesdevallorbe.ch\/?s={search_term_string}\"},\"query-input\":{\"@type\":\"PropertyValueSpecification\",\"valueRequired\":true,\"valueName\":\"search_term_string\"}}],\"inLanguage\":\"de\"},{\"@type\":\"Person\",\"@id\":\"https:\/\/grottesdevallorbe.ch\/#\/schema\/person\/5e6e0151440ddbad470f200b5bde2aba\",\"name\":\"vall\",\"url\":\"https:\/\/grottesdevallorbe.ch\/de\/author\/vall_user\/\"}]}<\/script>\n<!-- \/ Yoast SEO plugin. -->","yoast_head_json":{"title":"Seit 1992... - Les Grottes de Vallorbe","robots":{"index":"index","follow":"follow","max-snippet":"max-snippet:-1","max-image-preview":"max-image-preview:large","max-video-preview":"max-video-preview:-1"},"canonical":"https:\/\/grottesdevallorbe.ch\/de\/des-1992\/","og_locale":"de_DE","og_type":"article","og_title":"Seit 1992... - Les Grottes de Vallorbe","og_description":"...la grotte propose un espace alv\u00e9olaire accueillant une exposition permanente de min\u00e9raux, le \u00abtr\u00e9sor des F\u00e9es\u00bb. Il regroupe une collection de plus de 250 min\u00e9raux du monde entier sous quatre coupoles creus\u00e9es \u00e0 m\u00eame la roche.","og_url":"https:\/\/grottesdevallorbe.ch\/de\/des-1992\/","og_site_name":"Les Grottes de Vallorbe","article_published_time":"2017-01-14T06:59:48+00:00","article_modified_time":"2017-02-14T16:25:30+00:00","author":"vall","twitter_card":"summary_large_image","twitter_misc":{"Verfasst von":"vall"},"schema":{"@context":"https:\/\/schema.org","@graph":[{"@type":"WebPage","@id":"https:\/\/grottesdevallorbe.ch\/de\/des-1992\/","url":"https:\/\/grottesdevallorbe.ch\/de\/des-1992\/","name":"Seit 1992... - Les Grottes de Vallorbe","isPartOf":{"@id":"https:\/\/grottesdevallorbe.ch\/#website"},"datePublished":"2017-01-14T06:59:48+00:00","dateModified":"2017-02-14T16:25:30+00:00","author":{"@id":"https:\/\/grottesdevallorbe.ch\/#\/schema\/person\/5e6e0151440ddbad470f200b5bde2aba"},"breadcrumb":{"@id":"https:\/\/grottesdevallorbe.ch\/de\/des-1992\/#breadcrumb"},"inLanguage":"de","potentialAction":[{"@type":"ReadAction","target":["https:\/\/grottesdevallorbe.ch\/de\/des-1992\/"]}]},{"@type":"BreadcrumbList","@id":"https:\/\/grottesdevallorbe.ch\/de\/des-1992\/#breadcrumb","itemListElement":[{"@type":"ListItem","position":1,"name":"Accueil","item":"https:\/\/grottesdevallorbe.ch\/de\/"},{"@type":"ListItem","position":2,"name":"Seit 1992&#8230;"}]},{"@type":"WebSite","@id":"https:\/\/grottesdevallorbe.ch\/#website","url":"https:\/\/grottesdevallorbe.ch\/","name":"Les Grottes de Vallorbe","description":"les plus belles grottes du Jura vaudois","potentialAction":[{"@type":"SearchAction","target":{"@type":"EntryPoint","urlTemplate":"https:\/\/grottesdevallorbe.ch\/?s={search_term_string}"},"query-input":{"@type":"PropertyValueSpecification","valueRequired":true,"valueName":"search_term_string"}}],"inLanguage":"de"},{"@type":"Person","@id":"https:\/\/grottesdevallorbe.ch\/#\/schema\/person\/5e6e0151440ddbad470f200b5bde2aba","name":"vall","url":"https:\/\/grottesdevallorbe.ch\/de\/author\/vall_user\/"}]}},"_links":{"self":[{"href":"https:\/\/grottesdevallorbe.ch\/de\/wp-json\/wp\/v2\/posts\/1028","targetHints":{"allow":["GET"]}}],"collection":[{"href":"https:\/\/grottesdevallorbe.ch\/de\/wp-json\/wp\/v2\/posts"}],"about":[{"href":"https:\/\/grottesdevallorbe.ch\/de\/wp-json\/wp\/v2\/types\/post"}],"author":[{"embeddable":true,"href":"https:\/\/grottesdevallorbe.ch\/de\/wp-json\/wp\/v2\/users\/4"}],"replies":[{"embeddable":true,"href":"https:\/\/grottesdevallorbe.ch\/de\/wp-json\/wp\/v2\/comments?post=1028"}],"version-history":[{"count":0,"href":"https:\/\/grottesdevallorbe.ch\/de\/wp-json\/wp\/v2\/posts\/1028\/revisions"}],"wp:attachment":[{"href":"https:\/\/grottesdevallorbe.ch\/de\/wp-json\/wp\/v2\/media?parent=1028"}],"wp:term":[{"taxonomy":"category","embeddable":true,"href":"https:\/\/grottesdevallorbe.ch\/de\/wp-json\/wp\/v2\/categories?post=1028"},{"taxonomy":"post_tag","embeddable":true,"href":"https:\/\/grottesdevallorbe.ch\/de\/wp-json\/wp\/v2\/tags?post=1028"}],"curies":[{"name":"wp","href":"https:\/\/api.w.org\/{rel}","templated":true}]}}